{"id":2496,"date":"2024-11-01T21:12:40","date_gmt":"2024-11-01T21:12:40","guid":{"rendered":"https:\/\/dialogosdopontal.com.br\/?p=2496"},"modified":"2024-11-01T21:12:42","modified_gmt":"2024-11-01T21:12:42","slug":"a-dimensao-economica-dos-ods","status":"publish","type":"post","link":"https:\/\/dialogosdopontal.com.br\/?p=2496","title":{"rendered":"A dimens\u00e3o econ\u00f4mica dos ODS"},"content":{"rendered":"\n<p>No dia 5 de junho de 2024, foi realizado o quarto encontro do projeto ambiental Di\u00e1logos do Pontal \u2013 Agenda para o Desenvolvimento Sustent\u00e1vel, no qual especialistas discutiram os principais desafios da regi\u00e3o relacionados com os ODS direcionados a temas econ\u00f4micos \u2013 ODS 8 (Emprego Digno e Crescimento Econ\u00f4mico), ODS 9 (Ind\u00fastria, Inova\u00e7\u00e3o e Infraestrutura), ODS 10 (Redu\u00e7\u00e3o das Desigualdades), ODS 12 (Consumo e Produ\u00e7\u00e3o Respons\u00e1veis). Assim encerrou-se o ciclo de debates sobre o posicionamento regional quanto aos ODS e poss\u00edveis solu\u00e7\u00f5es e a\u00e7\u00f5es efetivas para implement\u00e1-los.<\/p>\n\n\n\n<p>O debate foi aberto por V\u00e2nia Cristina da Silva, presidente da BPWPP, associa\u00e7\u00e3o constitu\u00edda h\u00e1 29 anos, que nasceu na Alemanha, com sede no Brasil em Bras\u00edlia. A entidade internacional est\u00e1 em nova fase, ap\u00f3s uma reestrutura\u00e7\u00e3o em n\u00edvel nacional, e desenvolve pelo menos tr\u00eas projetos: Mar\u00e7o \u00e9 Mulher, Doando Vidas, e Trabalho Igual, Sal\u00e1rio Igual, todos voltados para o fortalecimento da presen\u00e7a da mulher, tanto no meio social como no econ\u00f4mico.<\/p>\n\n\n\n<p>Ana Paula Setti, secret\u00e1ria de Desenvolvimento Econ\u00f4mico de Presidente Prudente, sabe como \u00e9 importante a colabora\u00e7\u00e3o do terceiro setor, organiza\u00e7\u00f5es sociais, ambientais, entidades como o Sebrae, que circulam junto \u00e0 iniciativa privada e tamb\u00e9m ao poder p\u00fablico.<\/p>\n\n\n\n<p>Como exemplo, h\u00e1 que se ressaltar que muitos que v\u00e3o at\u00e9 o Banco do Povo, para solicitar um empr\u00e9stimo ou um financiamento, contam com o programa Emprega R\u00e1pido do Sebrae. A institui\u00e7\u00e3o tamb\u00e9m trabalha com o Fundo de Aval para as Micro e Pequenas Empresas (Fampe), que contribui para os pequenos neg\u00f3cios por meio de bancos oficiais ou bancos que atuam juntamente com o Fampe. O Banco do Povo oferta at\u00e9 o valor m\u00e1ximo de R$ 20 mil, tanto para pessoa f\u00edsica, quanto jur\u00eddica, com uma taxa de 0,38%, bastante inferior \u00e0 do mercado financeiro.<\/p>\n\n\n\n<p>\u201cN\u00e3o adianta um munic\u00edpio estar desenvolvido se a regi\u00e3o toda \u00e9 dependente dele. Uma situa\u00e7\u00e3o que vemos muito em Presidente Prudente, por exemplo, diz respeito \u00e0 sa\u00fade, porque a regi\u00e3o \u00e9 muito dependente dos servi\u00e7os de sa\u00fade da cidade. Aqui, na prefeitura de Prudente, trabalhamos com os ODS. A Secretaria de Desenvolvimento preocupa-se muito com o trabalho decente, uma das metas do ODS 8\u201d, destacou a secret\u00e1ria.<\/p>\n\n\n\n<p>Na opini\u00e3o de Dal Marcondes, jornalista da Envolverde, os trabalhos que est\u00e3o sendo realizados impressionam, assim como o grau de integra\u00e7\u00e3o existente entre todos os entes e todas as organiza\u00e7\u00f5es presentes nesse di\u00e1logo.<\/p>\n\n\n\n<p>\u201cEsse trabalho em rede \u00e9 fundamental para construir vetores de desenvolvimento. Essa organiza\u00e7\u00e3o de pessoas que atuam em prol do coletivo e da comunidade \u00e9 uma coisa que tem tudo a ver com o desenvolvimento e com a estrutura dos 17 ODS. Embora a gente possa tratar individualmente cada um deles, eles formam um todo que d\u00e1 uma vis\u00e3o do processo de desenvolvimento\u201d, observou o jornalista.<\/p>\n\n\n\n<p>Quando questionada sobre a capacita\u00e7\u00e3o das pessoas para o mercado de trabalho, Ana Paula Settidisse que a maior dificuldade \u00e9 o fato de n\u00e3o ser definida a voca\u00e7\u00e3o do munic\u00edpio. H\u00e1 uma reclama\u00e7\u00e3o frequente de ind\u00fastrias e empresas sobre a falta de profissionais qualificados para seus quadros, e tamb\u00e9m h\u00e1 falta de interesse da m\u00e3o de obra em se qualificar. \u201cEu penso que a identifica\u00e7\u00e3o e a qualifica\u00e7\u00e3o da voca\u00e7\u00e3o dos munic\u00edpios e da regi\u00e3o s\u00e3o muito importantes\u201d, opinou.<\/p>\n\n\n\n<p>\u201cOutro ponto \u00e9 n\u00e3o investir apenas em uma voca\u00e7\u00e3o, mas talvez n\u00e3o fosse a hora de investir e melhorar uma outra voca\u00e7\u00e3o. Ent\u00e3o, isso \u00e9 muito s\u00e9rio. A Cocal, ou a Tarabai, elas chegam e fazem um trabalho, e eu, sendo do Procon estadual, visito muitos munic\u00edpios pequenos para fiscalizar e percebo que as cidades onde h\u00e1 usina sobrevivem\u201d, observou a secret\u00e1ria.<\/p>\n\n\n\n<p>Entre os aspectos econ\u00f4micos apontados por Ana Paula Setti, tamb\u00e9m est\u00e1 o risco para o munic\u00edpio de viver da usina da Cocal e n\u00e3o pensar em trabalhar essa acomoda\u00e7\u00e3o, n\u00e3o pensar em trabalhar uma outra voca\u00e7\u00e3o, para fazer com que aquelas pessoas que hoje ganham seu dinheiro com a usina possam investir na pr\u00f3pria cidade. Para que, se um dia a usina deixar de existir na cidade, a cidade n\u00e3o morra, n\u00e3o vire fantasma.<\/p>\n\n\n\n<p>Para V\u00e2nia Cristina da Silva, essa quest\u00e3o de ter uma segunda profissionaliza\u00e7\u00e3o, uma segunda experi\u00eancia, \u00e9 extremamente importante. Ela teve a oportunidade de morar em Dracena, Tupi Paulista e Osvaldo Cruz, e viu usinas fecharem.<\/p>\n\n\n\n<p>\u201cEu via os alunos e o desespero deles, porque eu fui professora universit\u00e1ria por 18 anos. O desalento deles de n\u00e3o ter para onde correr, porque a forma\u00e7\u00e3o deles era aquela e eles s\u00f3 sabiam fazer aquilo. Portanto, \u00e9 uma coisa bastante preocupante e \u00e9 uma quest\u00e3o cultural. N\u00f3s precisamos, na fase da educa\u00e7\u00e3o, tratar isso de uma forma alternativa. Eu acredito que cabe \u00e0s escolas trabalharem de um modo diferente com as nossas crian\u00e7as, para que elas se tornem jovens e adultos mais promissores\u201d, apontou a presidente da BPWPP.<\/p>\n\n\n\n<p>Para Dal Marcondes, fala-se muito de planejamento, mas dificilmente se consegue planejar um cen\u00e1rio de desenvolvimento. E isso \u00e9 extremamente necess\u00e1rio se o foco \u00e9 atingir metas de desenvolvimento, de redu\u00e7\u00e3o das desigualdades, de gera\u00e7\u00e3o de trabalho e renda, porque isso n\u00e3o acontece espontaneamente. \u00c9 por isso que existem organiza\u00e7\u00f5es como o Sebrae, por exemplo, porque tem coisas que precisam de um incentivo vetorial, um direcionamento que aponte uma determinada dire\u00e7\u00e3o.<\/p>\n\n\n\n<p>\u201cComo rep\u00f3rter, junto com o Reinaldo, n\u00f3s viajamos n\u00e3o s\u00f3 pelo Brasil, mas por diversos pa\u00edses, e a gente v\u00ea como as cidades valorizam os seus territ\u00f3rios, as suas melhores capacidades. O Brasil \u00e9 um pa\u00eds muito novo e muitas das cidades tamb\u00e9m s\u00e3o muito jovens, t\u00eam menos de cem anos, o que \u00e9 muito pouco. Voc\u00ea v\u00ea algumas cidades europeias que t\u00eam quase mil anos. Barcelona, por exemplo, tem 1,4 mil anos\u201d, salientou o jornalista.<\/p>\n\n\n\n<p>Dal Marcondes entende que o empreendedorismo como iniciativa individual tem limites e n\u00e3o vai resolver todos os problemas. Quando acontece de se ter um bom neg\u00f3cio, que consegue gerar emprego e renda, \u00e9 maravilhoso. Entretanto, quando falamos sobre mais de 30 cidades que precisam de um processo de desenvolvimento, \u00e9 preciso haver uni\u00e3o, cooperativismo e estudos para o desenvolvimento.<\/p>\n\n\n\n<p>As observa\u00e7\u00f5es do jornalista continuam.<\/p>\n\n\n\n<p>As pessoas moram em cidades que s\u00e3o maravilhosas e t\u00eam uma natureza exuberante, um enorme potencial para atrair, com uma culin\u00e1ria fant\u00e1stica. O Pontal, por exemplo, \u00e9 das \u00e1guas&#8230; O que tem de rios, de represas e coisas no g\u00eanero, poderia transformar essa regi\u00e3o num para\u00edso de esportes aqu\u00e1ticos, de atividades relacionadas a esse manancial, mas isso precisa de planejamento, de uni\u00e3o e de estudos.<\/p>\n\n\n\n<p>Atrair para o Pontal as pessoas da cidade de S\u00e3o Paulo, ou de Campinas, de outras cidades que t\u00eam uma popula\u00e7\u00e3o com renda e capacidade de fazer turismo, \u00e9 bastante fact\u00edvel. At\u00e9 de outros estados. A regi\u00e3o est\u00e1 pr\u00f3xima de cidades do Paran\u00e1, de Goi\u00e1s, mas isso depende basicamente do entendimento de que deve haver metas.<\/p>\n\n\n\n<p>\u201cN\u00f3s temos que olhar para os ODS e dizer: \u2018Olha, n\u00f3s precisamos atingir metas. Como fazer para atingir essas metas?\u2019. Da\u00ed entra a criatividade e a capacidade de planejamento das pessoas, dos gestores, tanto p\u00fablicos como empresariais, e de organiza\u00e7\u00f5es sociais locais, porque \u00e9 exatamente para isso que se tem uma estrutura de gest\u00e3o p\u00fablica, para que ela nos diga como \u00e9 que vamos resolver determinados problemas, como \u00e9 que podemos aglutinar for\u00e7as e recursos para resolver determinados desafios da nossa regi\u00e3o e da nossa cidade\u201d, enfatizou Dal Marcondes.<\/p>\n\n\n\n<p>E isso \u00e9 algo com que Ana Paula Setti concordou e endossou. \u201cA gente come\u00e7a com um sonho, depois a gente tem as frustra\u00e7\u00f5es, da\u00ed a gente come\u00e7a a trabalhar as frustra\u00e7\u00f5es e come\u00e7a a entender por onde realmente se pode ir para que funcione, pelo menos uma parte. Eu acredito que a UEPP est\u00e1 nessa dire\u00e7\u00e3o. N\u00f3s temos o Conselho do Turismo e Cultura, que tamb\u00e9m est\u00e1 apresentando uma rota tur\u00edstica, um trabalho fant\u00e1stico, que amadureceu muito\u201d, destacou.<\/p>\n\n\n\n<p>Houve um amadurecimento muito grande porque, h\u00e1 poucos anos, muitas dessas entidades mal se conversavam, sendo que todas convergem nos seus objetivos, avaliou Marcos Eduardo Nomura, vice-presidente da UEPP. Hoje o que existe \u00e9 uma reuni\u00e3o, um grupo da sociedade civil procurando solu\u00e7\u00f5es que s\u00e3o de interesse de todos. \u201cPortanto, considero que essas conquistas se devem muito a essas maravilhosas parcerias que todos n\u00f3s temos\u201d, concluiu.<\/p>\n\n\n\n<p>\u201cAcredito muito numa governan\u00e7a corporativa, governan\u00e7a essa da uni\u00e3o do poder p\u00fablico com a sociedade civil organizada, buscando solu\u00e7\u00f5es para os problemas locais e regionais, respeitando, obviamente, as nossas voca\u00e7\u00f5es, limita\u00e7\u00f5es e as nossas potencialidades. Eu sou bastante otimista e o Pontal do Paranapanema \u00e9 a \u00faltima fronteira agr\u00edcola. Acredito que n\u00f3s temos potencial no agroneg\u00f3cio, e tamb\u00e9m no turismo. O Sebrae investiu no programa West Rios durante um longo per\u00edodo, e conseguimos com esse projeto que seis munic\u00edpios se tornassem est\u00e2ncias tur\u00edsticas. Lamentavelmente, alguns deles, por diversas raz\u00f5es, realmente est\u00e3o deixando a desejar, mas espero que se conscientizem da import\u00e2ncia do turismo para as suas economias\u201d, observou Jos\u00e9 Carlos Cavalcante, gerente regional do Sebrae de Presidente Prudente.<\/p>\n\n\n\n<h2 class=\"wp-block-heading\">Assista ai v\u00eddeo completo do evento:<\/h2>\n\n\n\n<figure class=\"wp-block-embed is-type-video is-provider-youtube wp-block-embed-youtube wp-embed-aspect-16-9 wp-has-aspect-ratio\"><div class=\"wp-block-embed__wrapper\">\n<iframe title=\"Di\u00e1logos do Pontal - A dimens\u00e3o econ\u00f4mica\" width=\"1290\" height=\"726\" src=\"https:\/\/www.youtube.com\/embed\/XbE9TY6zZnk?list=PLhTDlTZxA1hOyAFByrAw8r8X777DwbMN_\" frameborder=\"0\" allow=\"accelerometer; autoplay; clipboard-write; encrypted-media; gyroscope; picture-in-picture; web-share\" referrerpolicy=\"strict-origin-when-cross-origin\" allowfullscreen><\/iframe>\n<\/div><\/figure>\n","protected":false},"excerpt":{"rendered":"<p>No dia 5 de junho de 2024, foi realizado o quarto encontro do projeto ambiental Di\u00e1logos do Pontal \u2013 Agenda para o Desenvolvimento Sustent\u00e1vel, no qual especialistas discutiram os principais desafios da regi\u00e3o relacionados com os ODS direcionados a temas econ\u00f4micos \u2013 ODS 8 (Emprego Digno e Crescimento Econ\u00f4mico), ODS 9 (Ind\u00fastria, Inova\u00e7\u00e3o e Infraestrutura), [&hellip;]<\/p>\n","protected":false},"author":2,"featured_media":0,"comment_status":"open","ping_status":"open","sticky":false,"template":"","format":"standard","meta":{"footnotes":""},"categories":[1],"tags":[],"class_list":["post-2496","post","type-post","status-publish","format-standard","hentry","category-uncategorized"],"blocksy_meta":[],"yoast_head":"<!-- This site is optimized with the Yoast SEO plugin v22.4 - https:\/\/yoast.com\/wordpress\/plugins\/seo\/ -->\n<title>A dimens\u00e3o econ\u00f4mica dos ODS - Di\u00e1logos do Pontal<\/title>\n<meta name=\"robots\" content=\"index, follow, max-snippet:-1, max-image-preview:large, max-video-preview:-1\" \/>\n<link rel=\"canonical\" href=\"https:\/\/dialogosdopontal.com.br\/?p=2496\" \/>\n<meta property=\"og:locale\" content=\"pt_BR\" \/>\n<meta property=\"og:type\" content=\"article\" \/>\n<meta property=\"og:title\" content=\"A dimens\u00e3o econ\u00f4mica dos ODS - Di\u00e1logos do Pontal\" \/>\n<meta property=\"og:description\" content=\"No dia 5 de junho de 2024, foi realizado o quarto encontro do projeto ambiental Di\u00e1logos do Pontal \u2013 Agenda para o Desenvolvimento Sustent\u00e1vel, no qual especialistas discutiram os principais desafios da regi\u00e3o relacionados com os ODS direcionados a temas econ\u00f4micos \u2013 ODS 8 (Emprego Digno e Crescimento Econ\u00f4mico), ODS 9 (Ind\u00fastria, Inova\u00e7\u00e3o e Infraestrutura), [&hellip;]\" \/>\n<meta property=\"og:url\" content=\"https:\/\/dialogosdopontal.com.br\/?p=2496\" \/>\n<meta property=\"og:site_name\" content=\"Di\u00e1logos do Pontal\" \/>\n<meta property=\"article:published_time\" content=\"2024-11-01T21:12:40+00:00\" \/>\n<meta property=\"article:modified_time\" content=\"2024-11-01T21:12:42+00:00\" \/>\n<meta name=\"author\" content=\"Pedro Moreno\" \/>\n<meta name=\"twitter:card\" content=\"summary_large_image\" \/>\n<meta name=\"twitter:label1\" content=\"Escrito por\" \/>\n\t<meta name=\"twitter:data1\" content=\"Pedro Moreno\" \/>\n\t<meta name=\"twitter:label2\" content=\"Est. tempo de leitura\" \/>\n\t<meta name=\"twitter:data2\" content=\"9 minutos\" \/>\n<script type=\"application\/ld+json\" class=\"yoast-schema-graph\">{\"@context\":\"https:\/\/schema.org\",\"@graph\":[{\"@type\":\"Article\",\"@id\":\"https:\/\/dialogosdopontal.com.br\/?p=2496#article\",\"isPartOf\":{\"@id\":\"https:\/\/dialogosdopontal.com.br\/?p=2496\"},\"author\":{\"name\":\"Pedro Moreno\",\"@id\":\"https:\/\/dialogosdopontal.com.br\/#\/schema\/person\/c6ccd9b5eba94a2597ab1e6723876e93\"},\"headline\":\"A dimens\u00e3o econ\u00f4mica dos ODS\",\"datePublished\":\"2024-11-01T21:12:40+00:00\",\"dateModified\":\"2024-11-01T21:12:42+00:00\",\"mainEntityOfPage\":{\"@id\":\"https:\/\/dialogosdopontal.com.br\/?p=2496\"},\"wordCount\":1642,\"commentCount\":0,\"publisher\":{\"@id\":\"https:\/\/dialogosdopontal.com.br\/#organization\"},\"articleSection\":[\"Uncategorized\"],\"inLanguage\":\"pt-BR\",\"potentialAction\":[{\"@type\":\"CommentAction\",\"name\":\"Comment\",\"target\":[\"https:\/\/dialogosdopontal.com.br\/?p=2496#respond\"]}]},{\"@type\":\"WebPage\",\"@id\":\"https:\/\/dialogosdopontal.com.br\/?p=2496\",\"url\":\"https:\/\/dialogosdopontal.com.br\/?p=2496\",\"name\":\"A dimens\u00e3o econ\u00f4mica dos ODS - Di\u00e1logos do Pontal\",\"isPartOf\":{\"@id\":\"https:\/\/dialogosdopontal.com.br\/#website\"},\"datePublished\":\"2024-11-01T21:12:40+00:00\",\"dateModified\":\"2024-11-01T21:12:42+00:00\",\"breadcrumb\":{\"@id\":\"https:\/\/dialogosdopontal.com.br\/?p=2496#breadcrumb\"},\"inLanguage\":\"pt-BR\",\"potentialAction\":[{\"@type\":\"ReadAction\",\"target\":[\"https:\/\/dialogosdopontal.com.br\/?p=2496\"]}]},{\"@type\":\"BreadcrumbList\",\"@id\":\"https:\/\/dialogosdopontal.com.br\/?p=2496#breadcrumb\",\"itemListElement\":[{\"@type\":\"ListItem\",\"position\":1,\"name\":\"In\u00edcio\",\"item\":\"https:\/\/dialogosdopontal.com.br\/\"},{\"@type\":\"ListItem\",\"position\":2,\"name\":\"A dimens\u00e3o econ\u00f4mica dos ODS\"}]},{\"@type\":\"WebSite\",\"@id\":\"https:\/\/dialogosdopontal.com.br\/#website\",\"url\":\"https:\/\/dialogosdopontal.com.br\/\",\"name\":\"Di\u00e1logos do Pontal\",\"description\":\"Um olhar para o Pontal do Paranapanema sob a perspectiva dos ODSs\",\"publisher\":{\"@id\":\"https:\/\/dialogosdopontal.com.br\/#organization\"},\"potentialAction\":[{\"@type\":\"SearchAction\",\"target\":{\"@type\":\"EntryPoint\",\"urlTemplate\":\"https:\/\/dialogosdopontal.com.br\/?s={search_term_string}\"},\"query-input\":\"required name=search_term_string\"}],\"inLanguage\":\"pt-BR\"},{\"@type\":\"Organization\",\"@id\":\"https:\/\/dialogosdopontal.com.br\/#organization\",\"name\":\"Di\u00e1logos do Pontal\",\"url\":\"https:\/\/dialogosdopontal.com.br\/\",\"logo\":{\"@type\":\"ImageObject\",\"inLanguage\":\"pt-BR\",\"@id\":\"https:\/\/dialogosdopontal.com.br\/#\/schema\/logo\/image\/\",\"url\":\"https:\/\/dialogosdopontal.com.br\/wp-content\/uploads\/2024\/03\/PONTAL_LOGO-1.png\",\"contentUrl\":\"https:\/\/dialogosdopontal.com.br\/wp-content\/uploads\/2024\/03\/PONTAL_LOGO-1.png\",\"width\":1080,\"height\":1080,\"caption\":\"Di\u00e1logos do Pontal\"},\"image\":{\"@id\":\"https:\/\/dialogosdopontal.com.br\/#\/schema\/logo\/image\/\"}},{\"@type\":\"Person\",\"@id\":\"https:\/\/dialogosdopontal.com.br\/#\/schema\/person\/c6ccd9b5eba94a2597ab1e6723876e93\",\"name\":\"Pedro Moreno\",\"image\":{\"@type\":\"ImageObject\",\"inLanguage\":\"pt-BR\",\"@id\":\"https:\/\/dialogosdopontal.com.br\/#\/schema\/person\/image\/\",\"url\":\"https:\/\/secure.gravatar.com\/avatar\/1e9215f9165b26da5f00e3105c46bcd65e54427574bf009e1dbeddeee0869185?s=96&d=mm&r=g\",\"contentUrl\":\"https:\/\/secure.gravatar.com\/avatar\/1e9215f9165b26da5f00e3105c46bcd65e54427574bf009e1dbeddeee0869185?s=96&d=mm&r=g\",\"caption\":\"Pedro Moreno\"},\"sameAs\":[\"http:\/\/dialogosdopontal.com.br\"],\"url\":\"https:\/\/dialogosdopontal.com.br\/?author=2\"}]}<\/script>\n<!-- \/ Yoast SEO plugin. -->","yoast_head_json":{"title":"A dimens\u00e3o econ\u00f4mica dos ODS - Di\u00e1logos do Pontal","robots":{"index":"index","follow":"follow","max-snippet":"max-snippet:-1","max-image-preview":"max-image-preview:large","max-video-preview":"max-video-preview:-1"},"canonical":"https:\/\/dialogosdopontal.com.br\/?p=2496","og_locale":"pt_BR","og_type":"article","og_title":"A dimens\u00e3o econ\u00f4mica dos ODS - Di\u00e1logos do Pontal","og_description":"No dia 5 de junho de 2024, foi realizado o quarto encontro do projeto ambiental Di\u00e1logos do Pontal \u2013 Agenda para o Desenvolvimento Sustent\u00e1vel, no qual especialistas discutiram os principais desafios da regi\u00e3o relacionados com os ODS direcionados a temas econ\u00f4micos \u2013 ODS 8 (Emprego Digno e Crescimento Econ\u00f4mico), ODS 9 (Ind\u00fastria, Inova\u00e7\u00e3o e Infraestrutura), [&hellip;]","og_url":"https:\/\/dialogosdopontal.com.br\/?p=2496","og_site_name":"Di\u00e1logos do Pontal","article_published_time":"2024-11-01T21:12:40+00:00","article_modified_time":"2024-11-01T21:12:42+00:00","author":"Pedro Moreno","twitter_card":"summary_large_image","twitter_misc":{"Escrito por":"Pedro Moreno","Est. tempo de leitura":"9 minutos"},"schema":{"@context":"https:\/\/schema.org","@graph":[{"@type":"Article","@id":"https:\/\/dialogosdopontal.com.br\/?p=2496#article","isPartOf":{"@id":"https:\/\/dialogosdopontal.com.br\/?p=2496"},"author":{"name":"Pedro Moreno","@id":"https:\/\/dialogosdopontal.com.br\/#\/schema\/person\/c6ccd9b5eba94a2597ab1e6723876e93"},"headline":"A dimens\u00e3o econ\u00f4mica dos ODS","datePublished":"2024-11-01T21:12:40+00:00","dateModified":"2024-11-01T21:12:42+00:00","mainEntityOfPage":{"@id":"https:\/\/dialogosdopontal.com.br\/?p=2496"},"wordCount":1642,"commentCount":0,"publisher":{"@id":"https:\/\/dialogosdopontal.com.br\/#organization"},"articleSection":["Uncategorized"],"inLanguage":"pt-BR","potentialAction":[{"@type":"CommentAction","name":"Comment","target":["https:\/\/dialogosdopontal.com.br\/?p=2496#respond"]}]},{"@type":"WebPage","@id":"https:\/\/dialogosdopontal.com.br\/?p=2496","url":"https:\/\/dialogosdopontal.com.br\/?p=2496","name":"A dimens\u00e3o econ\u00f4mica dos ODS - Di\u00e1logos do Pontal","isPartOf":{"@id":"https:\/\/dialogosdopontal.com.br\/#website"},"datePublished":"2024-11-01T21:12:40+00:00","dateModified":"2024-11-01T21:12:42+00:00","breadcrumb":{"@id":"https:\/\/dialogosdopontal.com.br\/?p=2496#breadcrumb"},"inLanguage":"pt-BR","potentialAction":[{"@type":"ReadAction","target":["https:\/\/dialogosdopontal.com.br\/?p=2496"]}]},{"@type":"BreadcrumbList","@id":"https:\/\/dialogosdopontal.com.br\/?p=2496#breadcrumb","itemListElement":[{"@type":"ListItem","position":1,"name":"In\u00edcio","item":"https:\/\/dialogosdopontal.com.br\/"},{"@type":"ListItem","position":2,"name":"A dimens\u00e3o econ\u00f4mica dos ODS"}]},{"@type":"WebSite","@id":"https:\/\/dialogosdopontal.com.br\/#website","url":"https:\/\/dialogosdopontal.com.br\/","name":"Di\u00e1logos do Pontal","description":"Um olhar para o Pontal do Paranapanema sob a perspectiva dos ODSs","publisher":{"@id":"https:\/\/dialogosdopontal.com.br\/#organization"},"potentialAction":[{"@type":"SearchAction","target":{"@type":"EntryPoint","urlTemplate":"https:\/\/dialogosdopontal.com.br\/?s={search_term_string}"},"query-input":"required name=search_term_string"}],"inLanguage":"pt-BR"},{"@type":"Organization","@id":"https:\/\/dialogosdopontal.com.br\/#organization","name":"Di\u00e1logos do Pontal","url":"https:\/\/dialogosdopontal.com.br\/","logo":{"@type":"ImageObject","inLanguage":"pt-BR","@id":"https:\/\/dialogosdopontal.com.br\/#\/schema\/logo\/image\/","url":"https:\/\/dialogosdopontal.com.br\/wp-content\/uploads\/2024\/03\/PONTAL_LOGO-1.png","contentUrl":"https:\/\/dialogosdopontal.com.br\/wp-content\/uploads\/2024\/03\/PONTAL_LOGO-1.png","width":1080,"height":1080,"caption":"Di\u00e1logos do Pontal"},"image":{"@id":"https:\/\/dialogosdopontal.com.br\/#\/schema\/logo\/image\/"}},{"@type":"Person","@id":"https:\/\/dialogosdopontal.com.br\/#\/schema\/person\/c6ccd9b5eba94a2597ab1e6723876e93","name":"Pedro Moreno","image":{"@type":"ImageObject","inLanguage":"pt-BR","@id":"https:\/\/dialogosdopontal.com.br\/#\/schema\/person\/image\/","url":"https:\/\/secure.gravatar.com\/avatar\/1e9215f9165b26da5f00e3105c46bcd65e54427574bf009e1dbeddeee0869185?s=96&d=mm&r=g","contentUrl":"https:\/\/secure.gravatar.com\/avatar\/1e9215f9165b26da5f00e3105c46bcd65e54427574bf009e1dbeddeee0869185?s=96&d=mm&r=g","caption":"Pedro Moreno"},"sameAs":["http:\/\/dialogosdopontal.com.br"],"url":"https:\/\/dialogosdopontal.com.br\/?author=2"}]}},"_links":{"self":[{"href":"https:\/\/dialogosdopontal.com.br\/index.php?rest_route=\/wp\/v2\/posts\/2496","targetHints":{"allow":["GET"]}}],"collection":[{"href":"https:\/\/dialogosdopontal.com.br\/index.php?rest_route=\/wp\/v2\/posts"}],"about":[{"href":"https:\/\/dialogosdopontal.com.br\/index.php?rest_route=\/wp\/v2\/types\/post"}],"author":[{"embeddable":true,"href":"https:\/\/dialogosdopontal.com.br\/index.php?rest_route=\/wp\/v2\/users\/2"}],"replies":[{"embeddable":true,"href":"https:\/\/dialogosdopontal.com.br\/index.php?rest_route=%2Fwp%2Fv2%2Fcomments&post=2496"}],"version-history":[{"count":1,"href":"https:\/\/dialogosdopontal.com.br\/index.php?rest_route=\/wp\/v2\/posts\/2496\/revisions"}],"predecessor-version":[{"id":2497,"href":"https:\/\/dialogosdopontal.com.br\/index.php?rest_route=\/wp\/v2\/posts\/2496\/revisions\/2497"}],"wp:attachment":[{"href":"https:\/\/dialogosdopontal.com.br\/index.php?rest_route=%2Fwp%2Fv2%2Fmedia&parent=2496"}],"wp:term":[{"taxonomy":"category","embeddable":true,"href":"https:\/\/dialogosdopontal.com.br\/index.php?rest_route=%2Fwp%2Fv2%2Fcategories&post=2496"},{"taxonomy":"post_tag","embeddable":true,"href":"https:\/\/dialogosdopontal.com.br\/index.php?rest_route=%2Fwp%2Fv2%2Ftags&post=2496"}],"curies":[{"name":"wp","href":"https:\/\/api.w.org\/{rel}","templated":true}]}}