{"id":2491,"date":"2024-11-01T21:03:11","date_gmt":"2024-11-01T21:03:11","guid":{"rendered":"https:\/\/dialogosdopontal.com.br\/?p=2491"},"modified":"2024-11-01T21:03:13","modified_gmt":"2024-11-01T21:03:13","slug":"a-dimensao-social-dos-ods","status":"publish","type":"post","link":"https:\/\/dialogosdopontal.com.br\/?p=2491","title":{"rendered":"A dimens\u00e3o social dos ODS"},"content":{"rendered":"\n<p>O terceiro debate do projeto ambiental Di\u00e1logos do Pontal \u2013 Agenda para o Desenvolvimento Sustent\u00e1vel, ocorreu no dia 15 de maio de 2024, reunindo especialistas que discutiram as principais quest\u00f5es da regi\u00e3o relacionadas a clima, especificamente os ODS mais ligados aos temas sociais. S\u00e3o eles: ODS 1 (Erradica\u00e7\u00e3o da Pobreza), ODS 2 (Fome Zero), ODS 3 (Boa Sa\u00fade e Bem-Estar), ODS 4 (Educa\u00e7\u00e3o de Qualidade), ODS 5 (Igualdade de G\u00eanero), ODS 7 (Energia Acess\u00edvel e Limpa), ODS 11 (Cidades e Comunidades Sustent\u00e1veis), ODS 16 (Paz, Justi\u00e7a e Institui\u00e7\u00f5es Fortes). Todos alinhados com as car\u00eancias mais profundas da regi\u00e3o.<\/p>\n\n\n\n<h2 class=\"wp-block-heading\"><strong>Sa\u00fade p\u00fablica \u00e9 um tema sens\u00edvel no Pontal<\/strong><\/h2>\n\n\n\n<p>O tema sa\u00fade p\u00fablica abriu as discuss\u00f5es, com uma defesa do SUS como o melhor sistema de sa\u00fade do mundo. O m\u00e9dico Breno Luis Erbella Casari, secret\u00e1rio de Sa\u00fade de Presidente Prudente, fez a sustenta\u00e7\u00e3o desta afirma\u00e7\u00e3o com a experi\u00eancia de j\u00e1 ter visitado diversos pa\u00edses e conhecido seus sistemas de atendimento \u00e0 popula\u00e7\u00e3o.<\/p>\n\n\n\n<p>\u201cHoje n\u00f3s enfrentamos, al\u00e9m dessas quest\u00f5es envolvendo diretamente a sa\u00fade mental, um desafio muito grande em rela\u00e7\u00e3o \u00e0 vacina\u00e7\u00e3o. A gente tinha uma m\u00e9dia de cobertura vacinal do Programa Nacional de Imuniza\u00e7\u00e3o (PNI) em torno de 90%. No dia de hoje, em rela\u00e7\u00e3o \u00e0 vacina da gripe no per\u00edodo p\u00f3s-pandemia, somente em torno de 32% da popula\u00e7\u00e3o est\u00e1 vacinada com mais de um m\u00eas e meio de campanha\u201d, relatou sua preocupa\u00e7\u00e3o.<\/p>\n\n\n\n<p>O mesmo problema est\u00e1 ocorrendo em outras regi\u00f5es com situa\u00e7\u00f5es totalmente distintas em rela\u00e7\u00e3o \u00e0 qualidade de vida e condi\u00e7\u00f5es socioecon\u00f4micas e culturais. O motivo, segundo o m\u00e9dico, foi \u201cuma globaliza\u00e7\u00e3o negativa dos discursos antivacinas\u201d.<\/p>\n\n\n\n<p>Para ser revertido esse quadro, ser\u00e1 necess\u00e1rio um grande esfor\u00e7o. A implementa\u00e7\u00e3o do modelo que o Minist\u00e9rio da Sa\u00fade defende, a estrat\u00e9gia de sa\u00fade da fam\u00edlia, serve para ter uma cobertura maior da popula\u00e7\u00e3o. \u201cN\u00f3s temos um dos melhores \u00edndices de casos de dengue do Brasil por n\u00famero de habitantes: s\u00e3o apenas 192 casos no munic\u00edpio de Presidente Prudente, que tem em torno de 230 mil habitantes. Aprendemos com os erros e tentamos ao longo desse ano fazer um trabalho de excel\u00eancia\u201d, refor\u00e7ou Breno Casari.<\/p>\n\n\n\n<h2 class=\"wp-block-heading\"><strong>A infraestrutura de sa\u00fade nos assentamentos rurais<\/strong><\/h2>\n\n\n\n<p>O m\u00e9dico Mateus Godoy, diretor de Sa\u00fade no Campo do Itesp, mostrou que a parceria com as prefeituras tem promovido a inclus\u00e3o social da popula\u00e7\u00e3o do campo, onde existem in\u00fameras dificuldades de acesso, locomo\u00e7\u00e3o e o pr\u00f3prio povo, por falta de conhecimento, n\u00e3o busca fazer uma preven\u00e7\u00e3o adequada para cuidar da sa\u00fade.<\/p>\n\n\n\n<p>\u201cA minha fun\u00e7\u00e3o \u00e9 criar uma estrutura, estamos ainda na embriog\u00eanese do projeto, mas basicamente vamos desenvolver uma estrutura e lev\u00e1-la at\u00e9 esses assentamentos para fazer cadastramento, visitas, preven\u00e7\u00e3o, consulta, e incluir essas pessoas em uma sa\u00fade p\u00fablica de qualidade em parceria com os munic\u00edpios\u201d, explicou.<\/p>\n\n\n\n<p>Na regi\u00e3o, s\u00f3 de assentados pela Funda\u00e7\u00e3o Itesp, s\u00e3o quase cinco mil fam\u00edlias, e a institui\u00e7\u00e3o ainda presta atendimentos a pelo menos mais 1,5 mil fam\u00edlias que foram assentadas pelo Incra.<\/p>\n\n\n\n<h2 class=\"wp-block-heading\"><strong>Integra\u00e7\u00e3o dos munic\u00edpios para o desenvolvimento dos ODS<\/strong><\/h2>\n\n\n\n<p>Fundamental para a consolida\u00e7\u00e3o de projetos, a Unesp tem colocado a sua <em>expertise<\/em> no sentido de apoiar o trabalho desenvolvido nos munic\u00edpios, falando da Agenda 2030 e dos ODS.<\/p>\n\n\n\n<p>Segundo Raul Borges Guimar\u00e3es, pr\u00f3-reitor de Extens\u00e3o Universit\u00e1ria e Cultura da Unesp, a pandemia da Covid-19 fez o Brasil retroceder em v\u00e1rias pautas em que vinha avan\u00e7ando, como a cobertura vacinal. \u201cEu sou um ge\u00f3grafo, mas que estuda a sa\u00fade. Eu sou um ge\u00f3grafo da sa\u00fade no departamento de Geografia de Presidente Prudente. N\u00f3s estudamos a leishmaniose, a dengue e temos v\u00e1rios temas que tratamos na regi\u00e3o. Como pr\u00f3-reitor de Extens\u00e3o da Unesp, o que eu tenho para apresentar aqui \u00e9 uma proposta que estamos implementando de forma\u00e7\u00e3o de uma rede de cidades\u201d, destacou.<\/p>\n\n\n\n<p>O projeto da entidade, denominado Unesp Cidades, prop\u00f5e convidar os munic\u00edpios da regi\u00e3o do Pontal para que fa\u00e7am parte da rede para operacionalizar esses ODS. O que \u00e9 poss\u00edvel se houver uni\u00e3o.<\/p>\n\n\n\n<p>Muitas das solu\u00e7\u00f5es ser\u00e3o vi\u00e1veis somente com a integra\u00e7\u00e3o de servi\u00e7os p\u00fablicos entre v\u00e1rios munic\u00edpios. Um exemplo disso \u00e9 a gest\u00e3o de res\u00edduos. Munic\u00edpios pequenos n\u00e3o conseguem fazer sozinhos essa gest\u00e3o na \u00e1rea de sa\u00fade, sendo preciso que os munic\u00edpios mais bem equipados e bem aparelhados sirvam como suporte para munic\u00edpios menores, principalmente em procedimentos de alta complexidade.<\/p>\n\n\n\n<p>Essa \u00e9 uma realidade que deve ser levada em conta quando se fala de gest\u00e3o p\u00fablica e n\u00e3o apenas da gest\u00e3o municipal. Mas da gest\u00e3o de um territ\u00f3rio mais amplo, que tenha identidades e a capacidade de estruturar-se de uma forma mais complexa.<\/p>\n\n\n\n<p>\u201cEntendemos que a universidade \u00e9 uma plataforma que conecta o local com o mundo inteiro. A universidade tem que ser organizada para atender \u00e0 demanda regional, mas tem que estar preocupada com os temas que est\u00e3o colocados no mundo inteiro\u201d, observou Raul Guimar\u00e3es. \u201cN\u00f3s temos na Unesp, atualmente, reunindo os cursos de agronomia e engenharia agron\u00f4mica, a maior escola de estudos agr\u00e1rios da Am\u00e9rica Latina\u201d.<\/p>\n\n\n\n<h2 class=\"wp-block-heading\"><strong>Aten\u00e7\u00e3o prim\u00e1ria aos direitos de sa\u00fade da mulher<\/strong><\/h2>\n\n\n\n<p>Quanto \u00e0 sa\u00fade e \u00e0 condi\u00e7\u00e3o da mulher nos assentamentos, outro ponto de destaque nos ODS, Jefferson Alexandre, supervisor do Grupo de Agroneg\u00f3cio do Itesp, explicou que \u201cforam mudados todas as normativas; em muitas delas, agora a gente coloca a mulher como a primeira titular da propriedade; isso foi um avan\u00e7o muito grande que a gente conseguiu, fazendo com que essas produtoras hoje sejam de fato primeiras titulares da propriedade\u201d.<\/p>\n\n\n\n<p>O Itesp tem um grupo que trata da fam\u00edlia na ger\u00eancia de desenvolvimento humano. Sempre h\u00e1 interven\u00e7\u00f5es com essas fam\u00edlias no sentido de orientar, de mostrar meios, caminhos e formas que possam cada vez mais melhorar essa condi\u00e7\u00e3o da mulher.<\/p>\n\n\n\n<p>A entidade fez uma cartilha sobre viol\u00eancia contra as mulheres e enviou para todos os assentamentos e todas as comunidades quilombolas. O trabalho foi realizado em parceria com o Minist\u00e9rio P\u00fablico do Estado de S\u00e3o Paulo, porque no campo \u00e9 muito mais dif\u00edcil ser ouvido, falar com as mulheres, com a fam\u00edlia como um todo, e nem sempre se consegue fazer as vozes chegarem a quem de fato necessita, explicou Jefferson Alexandre.<\/p>\n\n\n\n<p>\u201cRecentemente, estabelecemos uma parceria com a Secretaria Estadual de Desenvolvimento Social, exatamente para fortalecer a quest\u00e3o do programa Viva Leite. No campo n\u00e3o est\u00e1 chegando esse programa e muitas mulheres n\u00e3o conseguem receber esse benef\u00edcio. Vamos, portanto, buscar promover o fortalecimento dessas fam\u00edlias, levar a informa\u00e7\u00e3o, levar a orienta\u00e7\u00e3o, mesmo que ainda exista resist\u00eancia, principalmente do produtor rural e da popula\u00e7\u00e3o um pouco mais envelhecida, que tem resist\u00eancia em ouvir um fato novo\u201d, pontuou.<\/p>\n\n\n\n<h2 class=\"wp-block-heading\"><strong>Impacto global da integra\u00e7\u00e3o das mulheres na economia<\/strong><\/h2>\n\n\n\n<p>Um dado levantado pela Organiza\u00e7\u00e3o para a Coopera\u00e7\u00e3o e Desenvolvimento Econ\u00f4mico (OCDE) diz o seguinte: \u201cCompletar a inclus\u00e3o das mulheres na economia e no mercado de trabalho tem um impacto na economia global igual ao de uma outra China\u201d.<\/p>\n\n\n\n<p>O questionamento que se faz \u00e9: quais s\u00e3o os reais impedimentos para que se tenha um avan\u00e7o mais efetivo e mais r\u00e1pido nessa quest\u00e3o da real inclus\u00e3o das mulheres no mundo empresarial, pol\u00edtico, executivo e tudo que envolve a atividade econ\u00f4mica e pol\u00edtica?<\/p>\n\n\n\n<p>As psic\u00f3logas Cristiane Madeira e Rosangela Zamineli, que atuam na Motiva Psicologia Aplicada, buscam lan\u00e7ar luz sobre o tema. \u201cO que me vem \u00e0 cabe\u00e7a \u00e9 pensar que a viol\u00eancia \u00e9 um dos grandes obst\u00e1culos, seja para ela estar dentro do contexto pol\u00edtico, seja para ela estar dentro de um contexto econ\u00f4mico ou para ela decidir sua pr\u00f3pria vida. Historicamente, ser mulher j\u00e1 \u00e9 uma viol\u00eancia, uma viol\u00eancia no sentido subjetivo, porque j\u00e1 est\u00e1 pr\u00e9-definido como essa mulher precisa ser ou o que essa mulher tem que fazer. E quebrar esse padr\u00e3o \u00e9 quebrar esse modelo determinado historicamente pela sociedade, pela civiliza\u00e7\u00e3o\u201d, destacaram.<\/p>\n\n\n\n<p>Para elas, o que assusta e preocupa o homem \u00e9 essa mulher que avan\u00e7a socialmente, que tem um conhecimento pol\u00edtico, t\u00e9cnico. \u201cTalvez o grande n\u00f3 para poder avan\u00e7ar seja a viol\u00eancia, n\u00e3o s\u00f3 f\u00edsica, n\u00e3o s\u00f3 verbal, mas uma viol\u00eancia que j\u00e1 est\u00e1 institucionalizada, de impor qual \u00e9 o lugar da mulher. Custa para alguns homens aceitarem essa autoridade feminina. Acredito que as mulheres n\u00e3o suportam fazer esse enfrentamento todo dia, toda hora, ent\u00e3o \u00e9 muita demanda ps\u00edquica para entrar nesse universo\u201d, apontaram.<\/p>\n\n\n\n<p>As psic\u00f3logas, questionadas se a maternidade ainda atrapalha, dizem que para a mulher isso \u00e9 um outro desafio, porque ela enfrenta uma tripla jornada.<\/p>\n\n\n\n<p>\u201cComo Freud falou: \u2018a m\u00e3e \u00e9 culpada de tudo\u2019. Por\u00e9m, tamb\u00e9m h\u00e1 uma posi\u00e7\u00e3o diferente de alguns homens. A Cristiane tocou nessa quest\u00e3o do la\u00e7o social, em que essa mudan\u00e7a do lado social provocou essa horizontalidade, e a gente tem visto homens assumirem algumas fun\u00e7\u00f5es que antes eram s\u00f3 das mulheres. Eu penso que estamos no movimento de transi\u00e7\u00e3o, mas ainda tem muita resist\u00eancia. Esse papel muito desenhado da figura masculina ainda \u00e9 um desafio para as mulheres\u201d, pontuou Rosangela Zamineli.<\/p>\n\n\n\n<p>A sociedade ainda tem conceitos muito cristalizados que para quebrar levar\u00e1 muito tempo, mas a maternidade \u00e9 um desafio que as mulheres est\u00e3o enfrentando.<\/p>\n\n\n\n<p>As profissionais, que desenvolvem a psicologia cl\u00ednica, pensam que podia ser inclu\u00eddo um outro crit\u00e9rio, talvez para os homens, que elas consideram ser muito importante: o de apreciar a qualidade da sensibilidade. A sensibilidade \u00e9 uma caracter\u00edstica da mulher que os homens precisam desenvolver, porque, talvez, para se sustentar nesse mundo hoje t\u00e3o plural, essa seja uma aptid\u00e3o importante.<\/p>\n\n\n\n<p>A gera\u00e7\u00e3o que nasceu a partir do final dos anos 1990 e in\u00edcio dos anos 2000 est\u00e1 aprendendo a se relacionar de outra forma com as diferen\u00e7as. \u00c9 uma gera\u00e7\u00e3o que tem problemas em rela\u00e7\u00e3o \u00e0s coisas pr\u00e1ticas do mundo, mas h\u00e1 uma rela\u00e7\u00e3o mais igualit\u00e1ria entre meninos e meninas, entre homens e mulheres, porque existe a tecnologia que faz a media\u00e7\u00e3o entre eles, observou Dal Marcondes.<\/p>\n\n\n\n<h2 class=\"wp-block-heading\">Assista ao v\u00eddeo completo do evento:<\/h2>\n\n\n\n<figure class=\"wp-block-embed is-type-video is-provider-youtube wp-block-embed-youtube wp-embed-aspect-16-9 wp-has-aspect-ratio\"><div class=\"wp-block-embed__wrapper\">\n<iframe title=\"Di\u00e1logos do Pontal: A dimens\u00e3o social\" width=\"1290\" height=\"726\" src=\"https:\/\/www.youtube.com\/embed\/b7Q6-q3ZZAM?start=98&#038;feature=oembed\" frameborder=\"0\" allow=\"accelerometer; autoplay; clipboard-write; encrypted-media; gyroscope; picture-in-picture; web-share\" referrerpolicy=\"strict-origin-when-cross-origin\" allowfullscreen><\/iframe>\n<\/div><\/figure>\n","protected":false},"excerpt":{"rendered":"<p>O terceiro debate do projeto ambiental Di\u00e1logos do Pontal \u2013 Agenda para o Desenvolvimento Sustent\u00e1vel, ocorreu no dia 15 de maio de 2024, reunindo especialistas que discutiram as principais quest\u00f5es da regi\u00e3o relacionadas a clima, especificamente os ODS mais ligados aos temas sociais. S\u00e3o eles: ODS 1 (Erradica\u00e7\u00e3o da Pobreza), ODS 2 (Fome Zero), ODS [&hellip;]<\/p>\n","protected":false},"author":2,"featured_media":0,"comment_status":"open","ping_status":"open","sticky":false,"template":"","format":"standard","meta":{"footnotes":""},"categories":[1],"tags":[],"class_list":["post-2491","post","type-post","status-publish","format-standard","hentry","category-uncategorized"],"blocksy_meta":[],"yoast_head":"<!-- This site is optimized with the Yoast SEO plugin v22.4 - https:\/\/yoast.com\/wordpress\/plugins\/seo\/ -->\n<title>A dimens\u00e3o social dos ODS - Di\u00e1logos do Pontal<\/title>\n<meta name=\"robots\" content=\"index, follow, max-snippet:-1, max-image-preview:large, max-video-preview:-1\" \/>\n<link rel=\"canonical\" href=\"https:\/\/dialogosdopontal.com.br\/?p=2491\" \/>\n<meta property=\"og:locale\" content=\"pt_BR\" \/>\n<meta property=\"og:type\" content=\"article\" \/>\n<meta property=\"og:title\" content=\"A dimens\u00e3o social dos ODS - Di\u00e1logos do Pontal\" \/>\n<meta property=\"og:description\" content=\"O terceiro debate do projeto ambiental Di\u00e1logos do Pontal \u2013 Agenda para o Desenvolvimento Sustent\u00e1vel, ocorreu no dia 15 de maio de 2024, reunindo especialistas que discutiram as principais quest\u00f5es da regi\u00e3o relacionadas a clima, especificamente os ODS mais ligados aos temas sociais. S\u00e3o eles: ODS 1 (Erradica\u00e7\u00e3o da Pobreza), ODS 2 (Fome Zero), ODS [&hellip;]\" \/>\n<meta property=\"og:url\" content=\"https:\/\/dialogosdopontal.com.br\/?p=2491\" \/>\n<meta property=\"og:site_name\" content=\"Di\u00e1logos do Pontal\" \/>\n<meta property=\"article:published_time\" content=\"2024-11-01T21:03:11+00:00\" \/>\n<meta property=\"article:modified_time\" content=\"2024-11-01T21:03:13+00:00\" \/>\n<meta name=\"author\" content=\"Pedro Moreno\" \/>\n<meta name=\"twitter:card\" content=\"summary_large_image\" \/>\n<meta name=\"twitter:label1\" content=\"Escrito por\" \/>\n\t<meta name=\"twitter:data1\" content=\"Pedro Moreno\" \/>\n\t<meta name=\"twitter:label2\" content=\"Est. tempo de leitura\" \/>\n\t<meta name=\"twitter:data2\" content=\"9 minutos\" \/>\n<script type=\"application\/ld+json\" class=\"yoast-schema-graph\">{\"@context\":\"https:\/\/schema.org\",\"@graph\":[{\"@type\":\"Article\",\"@id\":\"https:\/\/dialogosdopontal.com.br\/?p=2491#article\",\"isPartOf\":{\"@id\":\"https:\/\/dialogosdopontal.com.br\/?p=2491\"},\"author\":{\"name\":\"Pedro Moreno\",\"@id\":\"https:\/\/dialogosdopontal.com.br\/#\/schema\/person\/c6ccd9b5eba94a2597ab1e6723876e93\"},\"headline\":\"A dimens\u00e3o social dos ODS\",\"datePublished\":\"2024-11-01T21:03:11+00:00\",\"dateModified\":\"2024-11-01T21:03:13+00:00\",\"mainEntityOfPage\":{\"@id\":\"https:\/\/dialogosdopontal.com.br\/?p=2491\"},\"wordCount\":1825,\"commentCount\":0,\"publisher\":{\"@id\":\"https:\/\/dialogosdopontal.com.br\/#organization\"},\"articleSection\":[\"Uncategorized\"],\"inLanguage\":\"pt-BR\",\"potentialAction\":[{\"@type\":\"CommentAction\",\"name\":\"Comment\",\"target\":[\"https:\/\/dialogosdopontal.com.br\/?p=2491#respond\"]}]},{\"@type\":\"WebPage\",\"@id\":\"https:\/\/dialogosdopontal.com.br\/?p=2491\",\"url\":\"https:\/\/dialogosdopontal.com.br\/?p=2491\",\"name\":\"A dimens\u00e3o social dos ODS - Di\u00e1logos do Pontal\",\"isPartOf\":{\"@id\":\"https:\/\/dialogosdopontal.com.br\/#website\"},\"datePublished\":\"2024-11-01T21:03:11+00:00\",\"dateModified\":\"2024-11-01T21:03:13+00:00\",\"breadcrumb\":{\"@id\":\"https:\/\/dialogosdopontal.com.br\/?p=2491#breadcrumb\"},\"inLanguage\":\"pt-BR\",\"potentialAction\":[{\"@type\":\"ReadAction\",\"target\":[\"https:\/\/dialogosdopontal.com.br\/?p=2491\"]}]},{\"@type\":\"BreadcrumbList\",\"@id\":\"https:\/\/dialogosdopontal.com.br\/?p=2491#breadcrumb\",\"itemListElement\":[{\"@type\":\"ListItem\",\"position\":1,\"name\":\"In\u00edcio\",\"item\":\"https:\/\/dialogosdopontal.com.br\/\"},{\"@type\":\"ListItem\",\"position\":2,\"name\":\"A dimens\u00e3o social dos ODS\"}]},{\"@type\":\"WebSite\",\"@id\":\"https:\/\/dialogosdopontal.com.br\/#website\",\"url\":\"https:\/\/dialogosdopontal.com.br\/\",\"name\":\"Di\u00e1logos do Pontal\",\"description\":\"Um olhar para o Pontal do Paranapanema sob a perspectiva dos ODSs\",\"publisher\":{\"@id\":\"https:\/\/dialogosdopontal.com.br\/#organization\"},\"potentialAction\":[{\"@type\":\"SearchAction\",\"target\":{\"@type\":\"EntryPoint\",\"urlTemplate\":\"https:\/\/dialogosdopontal.com.br\/?s={search_term_string}\"},\"query-input\":\"required name=search_term_string\"}],\"inLanguage\":\"pt-BR\"},{\"@type\":\"Organization\",\"@id\":\"https:\/\/dialogosdopontal.com.br\/#organization\",\"name\":\"Di\u00e1logos do Pontal\",\"url\":\"https:\/\/dialogosdopontal.com.br\/\",\"logo\":{\"@type\":\"ImageObject\",\"inLanguage\":\"pt-BR\",\"@id\":\"https:\/\/dialogosdopontal.com.br\/#\/schema\/logo\/image\/\",\"url\":\"https:\/\/dialogosdopontal.com.br\/wp-content\/uploads\/2024\/03\/PONTAL_LOGO-1.png\",\"contentUrl\":\"https:\/\/dialogosdopontal.com.br\/wp-content\/uploads\/2024\/03\/PONTAL_LOGO-1.png\",\"width\":1080,\"height\":1080,\"caption\":\"Di\u00e1logos do Pontal\"},\"image\":{\"@id\":\"https:\/\/dialogosdopontal.com.br\/#\/schema\/logo\/image\/\"}},{\"@type\":\"Person\",\"@id\":\"https:\/\/dialogosdopontal.com.br\/#\/schema\/person\/c6ccd9b5eba94a2597ab1e6723876e93\",\"name\":\"Pedro Moreno\",\"image\":{\"@type\":\"ImageObject\",\"inLanguage\":\"pt-BR\",\"@id\":\"https:\/\/dialogosdopontal.com.br\/#\/schema\/person\/image\/\",\"url\":\"https:\/\/secure.gravatar.com\/avatar\/1e9215f9165b26da5f00e3105c46bcd65e54427574bf009e1dbeddeee0869185?s=96&d=mm&r=g\",\"contentUrl\":\"https:\/\/secure.gravatar.com\/avatar\/1e9215f9165b26da5f00e3105c46bcd65e54427574bf009e1dbeddeee0869185?s=96&d=mm&r=g\",\"caption\":\"Pedro Moreno\"},\"sameAs\":[\"http:\/\/dialogosdopontal.com.br\"],\"url\":\"https:\/\/dialogosdopontal.com.br\/?author=2\"}]}<\/script>\n<!-- \/ Yoast SEO plugin. -->","yoast_head_json":{"title":"A dimens\u00e3o social dos ODS - Di\u00e1logos do Pontal","robots":{"index":"index","follow":"follow","max-snippet":"max-snippet:-1","max-image-preview":"max-image-preview:large","max-video-preview":"max-video-preview:-1"},"canonical":"https:\/\/dialogosdopontal.com.br\/?p=2491","og_locale":"pt_BR","og_type":"article","og_title":"A dimens\u00e3o social dos ODS - Di\u00e1logos do Pontal","og_description":"O terceiro debate do projeto ambiental Di\u00e1logos do Pontal \u2013 Agenda para o Desenvolvimento Sustent\u00e1vel, ocorreu no dia 15 de maio de 2024, reunindo especialistas que discutiram as principais quest\u00f5es da regi\u00e3o relacionadas a clima, especificamente os ODS mais ligados aos temas sociais. S\u00e3o eles: ODS 1 (Erradica\u00e7\u00e3o da Pobreza), ODS 2 (Fome Zero), ODS [&hellip;]","og_url":"https:\/\/dialogosdopontal.com.br\/?p=2491","og_site_name":"Di\u00e1logos do Pontal","article_published_time":"2024-11-01T21:03:11+00:00","article_modified_time":"2024-11-01T21:03:13+00:00","author":"Pedro Moreno","twitter_card":"summary_large_image","twitter_misc":{"Escrito por":"Pedro Moreno","Est. tempo de leitura":"9 minutos"},"schema":{"@context":"https:\/\/schema.org","@graph":[{"@type":"Article","@id":"https:\/\/dialogosdopontal.com.br\/?p=2491#article","isPartOf":{"@id":"https:\/\/dialogosdopontal.com.br\/?p=2491"},"author":{"name":"Pedro Moreno","@id":"https:\/\/dialogosdopontal.com.br\/#\/schema\/person\/c6ccd9b5eba94a2597ab1e6723876e93"},"headline":"A dimens\u00e3o social dos ODS","datePublished":"2024-11-01T21:03:11+00:00","dateModified":"2024-11-01T21:03:13+00:00","mainEntityOfPage":{"@id":"https:\/\/dialogosdopontal.com.br\/?p=2491"},"wordCount":1825,"commentCount":0,"publisher":{"@id":"https:\/\/dialogosdopontal.com.br\/#organization"},"articleSection":["Uncategorized"],"inLanguage":"pt-BR","potentialAction":[{"@type":"CommentAction","name":"Comment","target":["https:\/\/dialogosdopontal.com.br\/?p=2491#respond"]}]},{"@type":"WebPage","@id":"https:\/\/dialogosdopontal.com.br\/?p=2491","url":"https:\/\/dialogosdopontal.com.br\/?p=2491","name":"A dimens\u00e3o social dos ODS - Di\u00e1logos do Pontal","isPartOf":{"@id":"https:\/\/dialogosdopontal.com.br\/#website"},"datePublished":"2024-11-01T21:03:11+00:00","dateModified":"2024-11-01T21:03:13+00:00","breadcrumb":{"@id":"https:\/\/dialogosdopontal.com.br\/?p=2491#breadcrumb"},"inLanguage":"pt-BR","potentialAction":[{"@type":"ReadAction","target":["https:\/\/dialogosdopontal.com.br\/?p=2491"]}]},{"@type":"BreadcrumbList","@id":"https:\/\/dialogosdopontal.com.br\/?p=2491#breadcrumb","itemListElement":[{"@type":"ListItem","position":1,"name":"In\u00edcio","item":"https:\/\/dialogosdopontal.com.br\/"},{"@type":"ListItem","position":2,"name":"A dimens\u00e3o social dos ODS"}]},{"@type":"WebSite","@id":"https:\/\/dialogosdopontal.com.br\/#website","url":"https:\/\/dialogosdopontal.com.br\/","name":"Di\u00e1logos do Pontal","description":"Um olhar para o Pontal do Paranapanema sob a perspectiva dos ODSs","publisher":{"@id":"https:\/\/dialogosdopontal.com.br\/#organization"},"potentialAction":[{"@type":"SearchAction","target":{"@type":"EntryPoint","urlTemplate":"https:\/\/dialogosdopontal.com.br\/?s={search_term_string}"},"query-input":"required name=search_term_string"}],"inLanguage":"pt-BR"},{"@type":"Organization","@id":"https:\/\/dialogosdopontal.com.br\/#organization","name":"Di\u00e1logos do Pontal","url":"https:\/\/dialogosdopontal.com.br\/","logo":{"@type":"ImageObject","inLanguage":"pt-BR","@id":"https:\/\/dialogosdopontal.com.br\/#\/schema\/logo\/image\/","url":"https:\/\/dialogosdopontal.com.br\/wp-content\/uploads\/2024\/03\/PONTAL_LOGO-1.png","contentUrl":"https:\/\/dialogosdopontal.com.br\/wp-content\/uploads\/2024\/03\/PONTAL_LOGO-1.png","width":1080,"height":1080,"caption":"Di\u00e1logos do Pontal"},"image":{"@id":"https:\/\/dialogosdopontal.com.br\/#\/schema\/logo\/image\/"}},{"@type":"Person","@id":"https:\/\/dialogosdopontal.com.br\/#\/schema\/person\/c6ccd9b5eba94a2597ab1e6723876e93","name":"Pedro Moreno","image":{"@type":"ImageObject","inLanguage":"pt-BR","@id":"https:\/\/dialogosdopontal.com.br\/#\/schema\/person\/image\/","url":"https:\/\/secure.gravatar.com\/avatar\/1e9215f9165b26da5f00e3105c46bcd65e54427574bf009e1dbeddeee0869185?s=96&d=mm&r=g","contentUrl":"https:\/\/secure.gravatar.com\/avatar\/1e9215f9165b26da5f00e3105c46bcd65e54427574bf009e1dbeddeee0869185?s=96&d=mm&r=g","caption":"Pedro Moreno"},"sameAs":["http:\/\/dialogosdopontal.com.br"],"url":"https:\/\/dialogosdopontal.com.br\/?author=2"}]}},"_links":{"self":[{"href":"https:\/\/dialogosdopontal.com.br\/index.php?rest_route=\/wp\/v2\/posts\/2491","targetHints":{"allow":["GET"]}}],"collection":[{"href":"https:\/\/dialogosdopontal.com.br\/index.php?rest_route=\/wp\/v2\/posts"}],"about":[{"href":"https:\/\/dialogosdopontal.com.br\/index.php?rest_route=\/wp\/v2\/types\/post"}],"author":[{"embeddable":true,"href":"https:\/\/dialogosdopontal.com.br\/index.php?rest_route=\/wp\/v2\/users\/2"}],"replies":[{"embeddable":true,"href":"https:\/\/dialogosdopontal.com.br\/index.php?rest_route=%2Fwp%2Fv2%2Fcomments&post=2491"}],"version-history":[{"count":1,"href":"https:\/\/dialogosdopontal.com.br\/index.php?rest_route=\/wp\/v2\/posts\/2491\/revisions"}],"predecessor-version":[{"id":2492,"href":"https:\/\/dialogosdopontal.com.br\/index.php?rest_route=\/wp\/v2\/posts\/2491\/revisions\/2492"}],"wp:attachment":[{"href":"https:\/\/dialogosdopontal.com.br\/index.php?rest_route=%2Fwp%2Fv2%2Fmedia&parent=2491"}],"wp:term":[{"taxonomy":"category","embeddable":true,"href":"https:\/\/dialogosdopontal.com.br\/index.php?rest_route=%2Fwp%2Fv2%2Fcategories&post=2491"},{"taxonomy":"post_tag","embeddable":true,"href":"https:\/\/dialogosdopontal.com.br\/index.php?rest_route=%2Fwp%2Fv2%2Ftags&post=2491"}],"curies":[{"name":"wp","href":"https:\/\/api.w.org\/{rel}","templated":true}]}}