{"id":2486,"date":"2024-11-01T20:57:48","date_gmt":"2024-11-01T20:57:48","guid":{"rendered":"https:\/\/dialogosdopontal.com.br\/?p=2486"},"modified":"2024-11-01T20:57:50","modified_gmt":"2024-11-01T20:57:50","slug":"a-dimensao-ambiental-dos-ods","status":"publish","type":"post","link":"https:\/\/dialogosdopontal.com.br\/?p=2486","title":{"rendered":"A dimens\u00e3o ambiental dos ODS"},"content":{"rendered":"\n<p>No segundo evento do projeto ambiental Di\u00e1logos do Pontal \u2013 Agenda para o Desenvolvimento Sustent\u00e1vel, realizado no dia 24 de abril de 2024, especialistas discutiram as principais quest\u00f5es da regi\u00e3o sob a \u00f3tica dos ODS mais ligados aos temas ambientais, que s\u00e3o: ODS 6 (\u00c1gua Limpa e Saneamento), ODS 13 (Combate \u00e0s Altera\u00e7\u00f5es Clim\u00e1ticas), ODS 14 (Vida Debaixo D\u2019\u00c1gua), ODS 15 (Vida Sobre a Terra).<\/p>\n\n\n\n<p>O jornalista Dal Marcondes destacou que \u00e9 preciso tomar decis\u00f5es sobre os caminhos que a nossa civiliza\u00e7\u00e3o seguir\u00e1 daqui para a frente. Essa n\u00e3o \u00e9 uma tarefa apenas do governo federal, mas um compromisso de toda a sociedade brasileira com a comunidade do planeta Terra. At\u00e9 2030 essas metas dever\u00e3o ter sido atingidas por todos os pa\u00edses.<\/p>\n\n\n\n<p>O jornalista salientou ainda que \u201ctodos os 193 pa\u00edses que assinaram a Declara\u00e7\u00e3o dos ODS, todos os pa\u00edses-membros da ONU, concordaram com os ODS como m\u00e9trica de desenvolvimento. Como um dos signat\u00e1rios desse pacto, o Brasil compromete-se a desenvolver pol\u00edticas p\u00fablicas e a\u00e7\u00f5es que permitam atingir as metas. Essa n\u00e3o \u00e9 uma tarefa apenas do governo federal, mas um compromisso de toda a sociedade brasileira com a comunidade do planeta Terra. At\u00e9 2030 essas metas dever\u00e3o ter sido atingidas por todos os pa\u00edses\u201d.<\/p>\n\n\n\n<p>Entretanto, isso n\u00e3o dever\u00e1 ocorrer caso inexista um esfor\u00e7o concentrado, pois diversos t\u00f3picos debatidos ao longo dos anos e em compromissos anteriores est\u00e3o atrasados. A dimens\u00e3o ambiental, principalmente, que \u00e9 composta de quatro dos ODS.<\/p>\n\n\n\n<p>Como o de ter \u00e1gua limpa e saneamento, previsto no ODS 6, que tra\u00e7a metas de prote\u00e7\u00e3o e gest\u00e3o da \u00e1gua e de implanta\u00e7\u00e3o de sistemas de saneamento b\u00e1sico. Entre essas metas est\u00e3o a universaliza\u00e7\u00e3o do acesso a \u00e1gua pot\u00e1vel e a amplia\u00e7\u00e3o de servi\u00e7os adequados de capta\u00e7\u00e3o e tratamento de esgoto, at\u00e9 2030.<\/p>\n\n\n\n<p>H\u00e1 outras metas no ODS 6, mas o importante \u00e9 compreender que a \u00e1gua e o saneamento b\u00e1sico s\u00e3o muito mais do que um direito humano fundamental. Nenhuma sociedade conseguiu evoluir social e economicamente sem ter essas duas metas atingidas. Os pa\u00edses considerados desenvolvidos t\u00eam esse problema j\u00e1 resolvido.<\/p>\n\n\n\n<p>Al\u00e9m de um direito humano, a \u00e1gua de boa qualidade \u00e9 um insumo fundamental para o desenvolvimento econ\u00f4mico. Nenhum produto industrial ou agr\u00edcola pode ser produzido sem esse recurso. Al\u00e9m disso, \u00e1gua de m\u00e1 qualidade \u00e9 um dos maiores vetores de doen\u00e7as do nosso tempo.<\/p>\n\n\n\n<p>O segundo ODS \u00e9 o 13, que trata de mudan\u00e7as clim\u00e1ticas, um dos mais importantes desafios do nosso tempo: evitar que a temperatura m\u00e9dia da Terra continue a subir. \u00c9 necess\u00e1rio trabalhar para manter um patamar de estabilidade, com alta de temperatura m\u00e9dia do planeta n\u00e3o superior a 1,5\u00b0C.<\/p>\n\n\n\n<p>\u201cH\u00e1 muitos cientistas afirmando que n\u00e3o vamos conseguir mais atingir essa meta e que j\u00e1 est\u00e3o olhando para o patamar de 2\u00b0C. As mudan\u00e7as clim\u00e1ticas j\u00e1 chegaram e est\u00e3o nos atingindo\u201d, alertou Dal Marcondes.<\/p>\n\n\n\n<p>O ODS 14 trata da vida sob a \u00e1gua. \u00c9 sobre o ambiente onde surgiu a vida na Terra e que \u00e9, ainda hoje, o habitat de maior diversidade do planeta. Por fim, o ODS 15, que \u00e9 sobre o habitat da humanidade, assim como de milh\u00f5es de outras esp\u00e9cies animais e vegetais. Todos precisam de um ambiente limpo, despolu\u00eddo, f\u00e9rtil e seguro para viver e reproduzir-se. Esse \u00e9 o habitat das principais atividades econ\u00f4micas da humanidade.<\/p>\n\n\n\n<p>O objetivo dessa s\u00e9rie de di\u00e1logos \u00e9 aprofundar o conhecimento sobre os ODS e as oportunidades que eles oferecem para a constru\u00e7\u00e3o de uma economia baseada na sustentabilidade com foco no futuro. Este s\u00e9culo apresenta in\u00fameros desafios para a humanidade e j\u00e1 existem instrumentos necess\u00e1rios para fazer os diagn\u00f3sticos dos problemas e a tecnologia para super\u00e1-los.<\/p>\n\n\n\n<p>\u201cN\u00e3o h\u00e1 limites para o desenvolvimento a partir de premissas de sustentabilidade e de responsabilidade socioambiental. Agora \u00e9 uma quest\u00e3o de vontade pol\u00edtica e de ter os instrumentos necess\u00e1rios para resolv\u00ea-los\u201d, ressaltou o jornalista.<\/p>\n\n\n\n<h2 class=\"wp-block-heading\"><strong>A\u00e7\u00e3o regenerativa no Pontal<\/strong><\/h2>\n\n\n\n<p>Um dos exemplos de iniciativas que atendem os ODS ligados a temas ambientais \u00e9 o do Instituto Ip\u00ea, uma das maiores organiza\u00e7\u00f5es socioambientais do Brasil, como explicou sua representante, Andrea Travassos.<\/p>\n\n\n\n<p>\u201cA hist\u00f3ria do Ip\u00ea no Pontal do Paranapanema \u00e9 um tanto exitosa, porque h\u00e1 20 anos temos feito um trabalho que, a princ\u00edpio, denominamos como sendo o \u2018mapa dos sonhos\u2019 \u2013 olhar para a regi\u00e3o do Pontal, para o Morro do Diabo, que \u00e9 um dos \u00faltimos vest\u00edgios de Mata Atl\u00e2ntica do interior e onde existe um mico-le\u00e3o-preto, e olhar para todos esses fragmentos florestais do territ\u00f3rio buscando uma conex\u00e3o do Parque Estadual com eles\u201d, detalhou a coordenadora do Ip\u00ea.<\/p>\n\n\n\n<p>Ao longo desses 20 anos, o Ip\u00ea plantou sete milh\u00f5es de \u00e1rvores, formando o maior corredor de Mata Atl\u00e2ntica do bioma, que alcan\u00e7a 12 quil\u00f4metros de extens\u00e3o. Al\u00e9m de implementar esse corredor, o Instituto tem feito um trabalho muito importante de monitoramento dessa implementa\u00e7\u00e3o. Isso representa uma contribui\u00e7\u00e3o diretamente ligada com o ODS 13 e com o ODS 15, mas tamb\u00e9m sem perder o foco na conserva\u00e7\u00e3o da \u00e1gua, porque, quando se trabalha a prote\u00e7\u00e3o da floresta, indiretamente tamb\u00e9m se est\u00e1 protegendo a \u00e1gua que infiltra no solo.<\/p>\n\n\n\n<h2 class=\"wp-block-heading\"><strong>Crise civilizat\u00f3ria e ambiental<\/strong><\/h2>\n\n\n\n<p>Pedro Ivo, da Alternativa Terrazul, explicou que a entidade atua com pol\u00edticas p\u00fablicas e <em>advocacy<\/em>. Neste encontro, est\u00e1 tamb\u00e9m representando o Observat\u00f3rio do Clima.<\/p>\n\n\n\n<p>\u201cEu quero falar primeiro sobre a quest\u00e3o clim\u00e1tica. N\u00f3s vivemos hoje o que o nosso grande te\u00f3rico e ativista socioambiental, Leonardo Boff, e outros intelectuais j\u00e1 disseram. Temos uma crise civilizat\u00f3ria e essa crise \u00e9 multifacetada. Ela \u00e9 uma crise social, pol\u00edtica, econ\u00f4mica, ambiental, \u00e9tica, ou seja, n\u00f3s estamos numa mudan\u00e7a de per\u00edodo, em que a civiliza\u00e7\u00e3o que n\u00f3s constru\u00edmos est\u00e1 precisando ser substitu\u00edda por uma outra civiliza\u00e7\u00e3o que considere a sustentabilidade e o meio ambiente como o seu centro\u201d, destacou.<\/p>\n\n\n\n<p>O tema foi bem discutido na Eco-92, entretanto, a quest\u00e3o ambiental n\u00e3o come\u00e7ou em 1992, mas sim com o acidente nuclear no Jap\u00e3o, na d\u00e9cada de 1970. Na verdade, salientou Pedro Ivo, j\u00e1 tivemos vision\u00e1rios importantes que deram uma contribui\u00e7\u00e3o decisiva para o tema ambiental, como, por exemplo, Jos\u00e9 Bonif\u00e1cio.<\/p>\n\n\n\n<p>Segundo ele, Dom Pedro II tamb\u00e9m deu uma contribui\u00e7\u00e3o, n\u00e3o s\u00f3 com o Jardim Bot\u00e2nico, mas tamb\u00e9m porque ele foi fundamental para recuperar a Floresta da Tijuca, que est\u00e1 at\u00e9 hoje de p\u00e9. Al\u00e9m de outras contribui\u00e7\u00f5es, como a do Chico Mendes, que em 1988, portanto antes da Eco-92, criou o conceito de socioambientalismo e aprovou, em um congresso da CUT, a ideia das reservas extrativistas, que hoje viraram pol\u00edticas p\u00fablicas. Portanto, a quest\u00e3o ambiental no Brasil e no mundo n\u00e3o \u00e9 uma novidade, ao contr\u00e1rio de discursos que afirmam isso.<\/p>\n\n\n\n<p>No entanto, foi na Eco-92 que se falou fortemente de aquecimento global, em mudan\u00e7a clim\u00e1tica. Foi naquele evento que se falou de forma mais avan\u00e7ada sobre desenvolvimento sustent\u00e1vel, porque esse conceito j\u00e1 estava presente na Confer\u00eancia de Estocolmo, mas ainda muito embrion\u00e1rio. Tamb\u00e9m foi nele que, pela primeira vez, se falou que era necess\u00e1rio mudar para um outro modelo de desenvolvimento e para isso ter\u00edamos que usar a Agenda 21.<\/p>\n\n\n\n<p>\u201cPortanto, estamos no \u00e1pice dessa crise civilizat\u00f3ria. O que acontece com o clima \u00e9 que ele \u00e9 o elemento mais preocupante dessa crise que se manifesta em outros aspectos, como no desmatamento, na polui\u00e7\u00e3o do ar e dos oceanos, e tantos outros\u201d, alertou Pedro Ivo.<\/p>\n\n\n\n<p>A mudan\u00e7a clim\u00e1tica \u00e9 global, estrutural e duradoura e ela pode ser provocada tanto por efeitos naturais como por a\u00e7\u00e3o humana. No nosso caso, uma maioria esmagadora dos cientistas afirma que ela \u00e9 provocada pelo nosso modelo de desenvolvimento, sendo, portanto, uma a\u00e7\u00e3o humana. Quando isso se articula com outros elementos, como por exemplo, o El Ni\u00f1o e o La Ni\u00f1a, a situa\u00e7\u00e3o se torna mais catastr\u00f3fica. Portanto, o que n\u00f3s cham\u00e1vamos de aquecimento global, agora temos que chamar de emerg\u00eancias clim\u00e1ticas. Essas emerg\u00eancias fizeram com que 2023 fosse o ano mais quente das \u00faltimas d\u00e9cadas, com desastres no Brasil e no mundo como nunca vimos antes.<\/p>\n\n\n\n<h2 class=\"wp-block-heading\"><a><strong>O ponto de n\u00e3o retorno<\/strong><\/a><\/h2>\n\n\n\n<p>Desde o Protocolo de Kioto que se estabeleceu que n\u00e3o se deveria ultrapassar 1,5\u00b0C na m\u00e9dia global de temperatura. Segundo dados oficiais cient\u00edficos, a m\u00e9dia atual est\u00e1 em 1,2\u00b0C e todas as avalia\u00e7\u00f5es s\u00e3o de que, daqui a seis a dez anos, ser\u00e1 ultrapassado o \u201cponto de n\u00e3o retorno\u201d, que \u00e9 quando o clima estar\u00e1 mudado de tal forma que acontecer\u00e3o transforma\u00e7\u00f5es catastr\u00f3ficas no nosso planeta, como, por exemplo, o derretimento das calotas polares.<\/p>\n\n\n\n<p>Infelizmente, nada leva a crer que essa tend\u00eancia vai mudar. J\u00e1 se aproxima a 29\u00aa COP, que ser\u00e1 mais uma vez num pa\u00eds petroleiro, e, em 2025, acontecer\u00e1 a COP30 no Brasil, em Bel\u00e9m, na Amaz\u00f4nia. No entanto, apesar das COPs reconhecerem o problema do clima e os pa\u00edses se mobilizarem, pouco se avan\u00e7ou.<\/p>\n\n\n\n<h2 class=\"wp-block-heading\"><strong>Solu\u00e7\u00f5es apresentadas s\u00e3o insuficientes<\/strong><\/h2>\n\n\n\n<p>As sa\u00eddas que as COPs e a maioria dos governos europeus est\u00e3o apresentando s\u00e3o solu\u00e7\u00f5es de mercado e elas s\u00e3o insuficientes, porque o problema do clima est\u00e1 relacionado com o modelo de produ\u00e7\u00e3o e consumo.<\/p>\n\n\n\n<p>O desenvolvimento sustent\u00e1vel \u00e9 um conceito que une muitas organiza\u00e7\u00f5es, muitos setores, mas que n\u00e3o quer dizer a mesma coisa para muitas dessas institui\u00e7\u00f5es. Existe uma percep\u00e7\u00e3o de desenvolvimento sustent\u00e1vel par\u00e2metro, que \u00e9 a da ONU, que trabalha com tr\u00eas elementos apenas, mas existem outras vis\u00f5es sobre desenvolvimento sustent\u00e1vel, como as do Banco Mundial, de outros bancos, dos movimentos sociais, das ONGs.<\/p>\n\n\n\n<p>Portanto, a pr\u00f3pria vis\u00e3o de desenvolvimento sustent\u00e1vel tamb\u00e9m \u00e9 um conceito em debate. Para aprofundar este debate, \u00e9 importante a leitura da Carta da Terra, um documento aprovado numa grande discuss\u00e3o mundial em uma rede mundial de quatro mil organiza\u00e7\u00f5es, que fala de uma vis\u00e3o de sustentabilidade que dever\u00edamos ter como par\u00e2metro, porque ela \u00e9 vision\u00e1ria. Em 2000, a Carta da Terra j\u00e1 havia rompido com a ideia antropoc\u00eantrica. Ela n\u00e3o fala s\u00f3 em comunidade humana, mas que somos uma comunidade de vida, na qual tudo precisa estar em equil\u00edbrio.<\/p>\n\n\n\n<p>Os ODS s\u00e3o uma ferramenta fundamental, embora limitada, porque antes deles tivemos as Metas do Mil\u00eanio e antes ainda a Agenda 21, que \u00e9 muito mais completa que os ODS. Entretanto, infelizmente n\u00e3o conseguimos implementar a Agenda 21, ent\u00e3o a ONU fez um processo mais pragm\u00e1tico e constituiu os ODS.<\/p>\n\n\n\n<p>Segundo dados da ONU, nem um ter\u00e7o dos ODS foram colocados em pr\u00e1tica em n\u00edvel mundial. No Brasil, o balan\u00e7o \u00e9 ainda mais negativo, porque a implementa\u00e7\u00e3o dos ODS foi suspensa pelo governo anterior, que desconstruiu a Comiss\u00e3o Nacional dos ODS, segundo Pedro Ivo.<\/p>\n\n\n\n<p>Entretanto, os ODS devem ser ampliados para suportar as demandas planet\u00e1rias e humanas crescentes. A Comiss\u00e3o Nacional dos ODS do Chile apresentou uma proposta de criar o 18\u00ba ODS, que seria contra a discrimina\u00e7\u00e3o racial, uma lacuna nos ODS vigentes.<\/p>\n\n\n\n<h2 class=\"wp-block-heading\"><strong>Um ODS contra a discrimina\u00e7\u00e3o \u00e9tnica e outro para a inf\u00e2ncia<\/strong><\/h2>\n\n\n\n<p>\u201cAl\u00e9m do 18\u00ba, eu sou favor\u00e1vel, e j\u00e1 conversei com muita gente sobre isso, \u00e0 cria\u00e7\u00e3o do 19\u00ba ODS, que seria sobre inf\u00e2ncia e juventude, porque tamb\u00e9m n\u00e3o tem nenhum regramento que trate especificamente de inf\u00e2ncia e juventude nos ODS\u201d, destacou Dal Marcondes. \u201cUma coisa que repito h\u00e1 anos \u00e9 que n\u00e3o existe nenhum problema ambiental que n\u00e3o tenha origem em uma decis\u00e3o econ\u00f4mica. Portanto, a nossa economia deve ser o foco de aten\u00e7\u00e3o para que a gente possa fazer uma virada civilizat\u00f3ria. O economista Ignacy Sachs disse que n\u00f3s temos que ter a humildade de reconhecer que o que estamos fazendo n\u00e3o est\u00e1 dando certo e temos que ter a coragem de mudar para algo que seja de fato comprometido com o futuro do planeta e da vida na Terra\u201d, enfatizou.<\/p>\n\n\n\n<h2 class=\"wp-block-heading\">Assista ao v\u00eddeo do evento:<\/h2>\n\n\n\n<figure class=\"wp-block-embed is-type-video is-provider-youtube wp-block-embed-youtube wp-embed-aspect-16-9 wp-has-aspect-ratio\"><div class=\"wp-block-embed__wrapper\">\n<iframe title=\"Di\u00e1logos do Pontal: A dimens\u00e3o ambiental\" width=\"1290\" height=\"726\" src=\"https:\/\/www.youtube.com\/embed\/h3wMh2tUHRo?feature=oembed\" frameborder=\"0\" allow=\"accelerometer; autoplay; clipboard-write; encrypted-media; gyroscope; picture-in-picture; web-share\" referrerpolicy=\"strict-origin-when-cross-origin\" allowfullscreen><\/iframe>\n<\/div><\/figure>\n\n\n\n<p><a id=\"_msocom_1\"><\/a><\/p>\n","protected":false},"excerpt":{"rendered":"<p>No segundo evento do projeto ambiental Di\u00e1logos do Pontal \u2013 Agenda para o Desenvolvimento Sustent\u00e1vel, realizado no dia 24 de abril de 2024, especialistas discutiram as principais quest\u00f5es da regi\u00e3o sob a \u00f3tica dos ODS mais ligados aos temas ambientais, que s\u00e3o: ODS 6 (\u00c1gua Limpa e Saneamento), ODS 13 (Combate \u00e0s Altera\u00e7\u00f5es Clim\u00e1ticas), ODS [&hellip;]<\/p>\n","protected":false},"author":2,"featured_media":0,"comment_status":"open","ping_status":"open","sticky":false,"template":"","format":"standard","meta":{"footnotes":""},"categories":[1],"tags":[],"class_list":["post-2486","post","type-post","status-publish","format-standard","hentry","category-uncategorized"],"blocksy_meta":[],"yoast_head":"<!-- This site is optimized with the Yoast SEO plugin v22.4 - https:\/\/yoast.com\/wordpress\/plugins\/seo\/ -->\n<title>A dimens\u00e3o ambiental dos ODS - Di\u00e1logos do Pontal<\/title>\n<meta name=\"robots\" content=\"index, follow, max-snippet:-1, max-image-preview:large, max-video-preview:-1\" \/>\n<link rel=\"canonical\" href=\"https:\/\/dialogosdopontal.com.br\/?p=2486\" \/>\n<meta property=\"og:locale\" content=\"pt_BR\" \/>\n<meta property=\"og:type\" content=\"article\" \/>\n<meta property=\"og:title\" content=\"A dimens\u00e3o ambiental dos ODS - Di\u00e1logos do Pontal\" \/>\n<meta property=\"og:description\" content=\"No segundo evento do projeto ambiental Di\u00e1logos do Pontal \u2013 Agenda para o Desenvolvimento Sustent\u00e1vel, realizado no dia 24 de abril de 2024, especialistas discutiram as principais quest\u00f5es da regi\u00e3o sob a \u00f3tica dos ODS mais ligados aos temas ambientais, que s\u00e3o: ODS 6 (\u00c1gua Limpa e Saneamento), ODS 13 (Combate \u00e0s Altera\u00e7\u00f5es Clim\u00e1ticas), ODS [&hellip;]\" \/>\n<meta property=\"og:url\" content=\"https:\/\/dialogosdopontal.com.br\/?p=2486\" \/>\n<meta property=\"og:site_name\" content=\"Di\u00e1logos do Pontal\" \/>\n<meta property=\"article:published_time\" content=\"2024-11-01T20:57:48+00:00\" \/>\n<meta property=\"article:modified_time\" content=\"2024-11-01T20:57:50+00:00\" \/>\n<meta name=\"author\" content=\"Pedro Moreno\" \/>\n<meta name=\"twitter:card\" content=\"summary_large_image\" \/>\n<meta name=\"twitter:label1\" content=\"Escrito por\" \/>\n\t<meta name=\"twitter:data1\" content=\"Pedro Moreno\" \/>\n\t<meta name=\"twitter:label2\" content=\"Est. tempo de leitura\" \/>\n\t<meta name=\"twitter:data2\" content=\"11 minutos\" \/>\n<script type=\"application\/ld+json\" class=\"yoast-schema-graph\">{\"@context\":\"https:\/\/schema.org\",\"@graph\":[{\"@type\":\"Article\",\"@id\":\"https:\/\/dialogosdopontal.com.br\/?p=2486#article\",\"isPartOf\":{\"@id\":\"https:\/\/dialogosdopontal.com.br\/?p=2486\"},\"author\":{\"name\":\"Pedro Moreno\",\"@id\":\"https:\/\/dialogosdopontal.com.br\/#\/schema\/person\/c6ccd9b5eba94a2597ab1e6723876e93\"},\"headline\":\"A dimens\u00e3o ambiental dos ODS\",\"datePublished\":\"2024-11-01T20:57:48+00:00\",\"dateModified\":\"2024-11-01T20:57:50+00:00\",\"mainEntityOfPage\":{\"@id\":\"https:\/\/dialogosdopontal.com.br\/?p=2486\"},\"wordCount\":2109,\"commentCount\":0,\"publisher\":{\"@id\":\"https:\/\/dialogosdopontal.com.br\/#organization\"},\"articleSection\":[\"Uncategorized\"],\"inLanguage\":\"pt-BR\",\"potentialAction\":[{\"@type\":\"CommentAction\",\"name\":\"Comment\",\"target\":[\"https:\/\/dialogosdopontal.com.br\/?p=2486#respond\"]}]},{\"@type\":\"WebPage\",\"@id\":\"https:\/\/dialogosdopontal.com.br\/?p=2486\",\"url\":\"https:\/\/dialogosdopontal.com.br\/?p=2486\",\"name\":\"A dimens\u00e3o ambiental dos ODS - Di\u00e1logos do Pontal\",\"isPartOf\":{\"@id\":\"https:\/\/dialogosdopontal.com.br\/#website\"},\"datePublished\":\"2024-11-01T20:57:48+00:00\",\"dateModified\":\"2024-11-01T20:57:50+00:00\",\"breadcrumb\":{\"@id\":\"https:\/\/dialogosdopontal.com.br\/?p=2486#breadcrumb\"},\"inLanguage\":\"pt-BR\",\"potentialAction\":[{\"@type\":\"ReadAction\",\"target\":[\"https:\/\/dialogosdopontal.com.br\/?p=2486\"]}]},{\"@type\":\"BreadcrumbList\",\"@id\":\"https:\/\/dialogosdopontal.com.br\/?p=2486#breadcrumb\",\"itemListElement\":[{\"@type\":\"ListItem\",\"position\":1,\"name\":\"In\u00edcio\",\"item\":\"https:\/\/dialogosdopontal.com.br\/\"},{\"@type\":\"ListItem\",\"position\":2,\"name\":\"A dimens\u00e3o ambiental dos ODS\"}]},{\"@type\":\"WebSite\",\"@id\":\"https:\/\/dialogosdopontal.com.br\/#website\",\"url\":\"https:\/\/dialogosdopontal.com.br\/\",\"name\":\"Di\u00e1logos do Pontal\",\"description\":\"Um olhar para o Pontal do Paranapanema sob a perspectiva dos ODSs\",\"publisher\":{\"@id\":\"https:\/\/dialogosdopontal.com.br\/#organization\"},\"potentialAction\":[{\"@type\":\"SearchAction\",\"target\":{\"@type\":\"EntryPoint\",\"urlTemplate\":\"https:\/\/dialogosdopontal.com.br\/?s={search_term_string}\"},\"query-input\":\"required name=search_term_string\"}],\"inLanguage\":\"pt-BR\"},{\"@type\":\"Organization\",\"@id\":\"https:\/\/dialogosdopontal.com.br\/#organization\",\"name\":\"Di\u00e1logos do Pontal\",\"url\":\"https:\/\/dialogosdopontal.com.br\/\",\"logo\":{\"@type\":\"ImageObject\",\"inLanguage\":\"pt-BR\",\"@id\":\"https:\/\/dialogosdopontal.com.br\/#\/schema\/logo\/image\/\",\"url\":\"https:\/\/dialogosdopontal.com.br\/wp-content\/uploads\/2024\/03\/PONTAL_LOGO-1.png\",\"contentUrl\":\"https:\/\/dialogosdopontal.com.br\/wp-content\/uploads\/2024\/03\/PONTAL_LOGO-1.png\",\"width\":1080,\"height\":1080,\"caption\":\"Di\u00e1logos do Pontal\"},\"image\":{\"@id\":\"https:\/\/dialogosdopontal.com.br\/#\/schema\/logo\/image\/\"}},{\"@type\":\"Person\",\"@id\":\"https:\/\/dialogosdopontal.com.br\/#\/schema\/person\/c6ccd9b5eba94a2597ab1e6723876e93\",\"name\":\"Pedro Moreno\",\"image\":{\"@type\":\"ImageObject\",\"inLanguage\":\"pt-BR\",\"@id\":\"https:\/\/dialogosdopontal.com.br\/#\/schema\/person\/image\/\",\"url\":\"https:\/\/secure.gravatar.com\/avatar\/1e9215f9165b26da5f00e3105c46bcd65e54427574bf009e1dbeddeee0869185?s=96&d=mm&r=g\",\"contentUrl\":\"https:\/\/secure.gravatar.com\/avatar\/1e9215f9165b26da5f00e3105c46bcd65e54427574bf009e1dbeddeee0869185?s=96&d=mm&r=g\",\"caption\":\"Pedro Moreno\"},\"sameAs\":[\"http:\/\/dialogosdopontal.com.br\"],\"url\":\"https:\/\/dialogosdopontal.com.br\/?author=2\"}]}<\/script>\n<!-- \/ Yoast SEO plugin. -->","yoast_head_json":{"title":"A dimens\u00e3o ambiental dos ODS - Di\u00e1logos do Pontal","robots":{"index":"index","follow":"follow","max-snippet":"max-snippet:-1","max-image-preview":"max-image-preview:large","max-video-preview":"max-video-preview:-1"},"canonical":"https:\/\/dialogosdopontal.com.br\/?p=2486","og_locale":"pt_BR","og_type":"article","og_title":"A dimens\u00e3o ambiental dos ODS - Di\u00e1logos do Pontal","og_description":"No segundo evento do projeto ambiental Di\u00e1logos do Pontal \u2013 Agenda para o Desenvolvimento Sustent\u00e1vel, realizado no dia 24 de abril de 2024, especialistas discutiram as principais quest\u00f5es da regi\u00e3o sob a \u00f3tica dos ODS mais ligados aos temas ambientais, que s\u00e3o: ODS 6 (\u00c1gua Limpa e Saneamento), ODS 13 (Combate \u00e0s Altera\u00e7\u00f5es Clim\u00e1ticas), ODS [&hellip;]","og_url":"https:\/\/dialogosdopontal.com.br\/?p=2486","og_site_name":"Di\u00e1logos do Pontal","article_published_time":"2024-11-01T20:57:48+00:00","article_modified_time":"2024-11-01T20:57:50+00:00","author":"Pedro Moreno","twitter_card":"summary_large_image","twitter_misc":{"Escrito por":"Pedro Moreno","Est. tempo de leitura":"11 minutos"},"schema":{"@context":"https:\/\/schema.org","@graph":[{"@type":"Article","@id":"https:\/\/dialogosdopontal.com.br\/?p=2486#article","isPartOf":{"@id":"https:\/\/dialogosdopontal.com.br\/?p=2486"},"author":{"name":"Pedro Moreno","@id":"https:\/\/dialogosdopontal.com.br\/#\/schema\/person\/c6ccd9b5eba94a2597ab1e6723876e93"},"headline":"A dimens\u00e3o ambiental dos ODS","datePublished":"2024-11-01T20:57:48+00:00","dateModified":"2024-11-01T20:57:50+00:00","mainEntityOfPage":{"@id":"https:\/\/dialogosdopontal.com.br\/?p=2486"},"wordCount":2109,"commentCount":0,"publisher":{"@id":"https:\/\/dialogosdopontal.com.br\/#organization"},"articleSection":["Uncategorized"],"inLanguage":"pt-BR","potentialAction":[{"@type":"CommentAction","name":"Comment","target":["https:\/\/dialogosdopontal.com.br\/?p=2486#respond"]}]},{"@type":"WebPage","@id":"https:\/\/dialogosdopontal.com.br\/?p=2486","url":"https:\/\/dialogosdopontal.com.br\/?p=2486","name":"A dimens\u00e3o ambiental dos ODS - Di\u00e1logos do Pontal","isPartOf":{"@id":"https:\/\/dialogosdopontal.com.br\/#website"},"datePublished":"2024-11-01T20:57:48+00:00","dateModified":"2024-11-01T20:57:50+00:00","breadcrumb":{"@id":"https:\/\/dialogosdopontal.com.br\/?p=2486#breadcrumb"},"inLanguage":"pt-BR","potentialAction":[{"@type":"ReadAction","target":["https:\/\/dialogosdopontal.com.br\/?p=2486"]}]},{"@type":"BreadcrumbList","@id":"https:\/\/dialogosdopontal.com.br\/?p=2486#breadcrumb","itemListElement":[{"@type":"ListItem","position":1,"name":"In\u00edcio","item":"https:\/\/dialogosdopontal.com.br\/"},{"@type":"ListItem","position":2,"name":"A dimens\u00e3o ambiental dos ODS"}]},{"@type":"WebSite","@id":"https:\/\/dialogosdopontal.com.br\/#website","url":"https:\/\/dialogosdopontal.com.br\/","name":"Di\u00e1logos do Pontal","description":"Um olhar para o Pontal do Paranapanema sob a perspectiva dos ODSs","publisher":{"@id":"https:\/\/dialogosdopontal.com.br\/#organization"},"potentialAction":[{"@type":"SearchAction","target":{"@type":"EntryPoint","urlTemplate":"https:\/\/dialogosdopontal.com.br\/?s={search_term_string}"},"query-input":"required name=search_term_string"}],"inLanguage":"pt-BR"},{"@type":"Organization","@id":"https:\/\/dialogosdopontal.com.br\/#organization","name":"Di\u00e1logos do Pontal","url":"https:\/\/dialogosdopontal.com.br\/","logo":{"@type":"ImageObject","inLanguage":"pt-BR","@id":"https:\/\/dialogosdopontal.com.br\/#\/schema\/logo\/image\/","url":"https:\/\/dialogosdopontal.com.br\/wp-content\/uploads\/2024\/03\/PONTAL_LOGO-1.png","contentUrl":"https:\/\/dialogosdopontal.com.br\/wp-content\/uploads\/2024\/03\/PONTAL_LOGO-1.png","width":1080,"height":1080,"caption":"Di\u00e1logos do Pontal"},"image":{"@id":"https:\/\/dialogosdopontal.com.br\/#\/schema\/logo\/image\/"}},{"@type":"Person","@id":"https:\/\/dialogosdopontal.com.br\/#\/schema\/person\/c6ccd9b5eba94a2597ab1e6723876e93","name":"Pedro Moreno","image":{"@type":"ImageObject","inLanguage":"pt-BR","@id":"https:\/\/dialogosdopontal.com.br\/#\/schema\/person\/image\/","url":"https:\/\/secure.gravatar.com\/avatar\/1e9215f9165b26da5f00e3105c46bcd65e54427574bf009e1dbeddeee0869185?s=96&d=mm&r=g","contentUrl":"https:\/\/secure.gravatar.com\/avatar\/1e9215f9165b26da5f00e3105c46bcd65e54427574bf009e1dbeddeee0869185?s=96&d=mm&r=g","caption":"Pedro Moreno"},"sameAs":["http:\/\/dialogosdopontal.com.br"],"url":"https:\/\/dialogosdopontal.com.br\/?author=2"}]}},"_links":{"self":[{"href":"https:\/\/dialogosdopontal.com.br\/index.php?rest_route=\/wp\/v2\/posts\/2486","targetHints":{"allow":["GET"]}}],"collection":[{"href":"https:\/\/dialogosdopontal.com.br\/index.php?rest_route=\/wp\/v2\/posts"}],"about":[{"href":"https:\/\/dialogosdopontal.com.br\/index.php?rest_route=\/wp\/v2\/types\/post"}],"author":[{"embeddable":true,"href":"https:\/\/dialogosdopontal.com.br\/index.php?rest_route=\/wp\/v2\/users\/2"}],"replies":[{"embeddable":true,"href":"https:\/\/dialogosdopontal.com.br\/index.php?rest_route=%2Fwp%2Fv2%2Fcomments&post=2486"}],"version-history":[{"count":1,"href":"https:\/\/dialogosdopontal.com.br\/index.php?rest_route=\/wp\/v2\/posts\/2486\/revisions"}],"predecessor-version":[{"id":2487,"href":"https:\/\/dialogosdopontal.com.br\/index.php?rest_route=\/wp\/v2\/posts\/2486\/revisions\/2487"}],"wp:attachment":[{"href":"https:\/\/dialogosdopontal.com.br\/index.php?rest_route=%2Fwp%2Fv2%2Fmedia&parent=2486"}],"wp:term":[{"taxonomy":"category","embeddable":true,"href":"https:\/\/dialogosdopontal.com.br\/index.php?rest_route=%2Fwp%2Fv2%2Fcategories&post=2486"},{"taxonomy":"post_tag","embeddable":true,"href":"https:\/\/dialogosdopontal.com.br\/index.php?rest_route=%2Fwp%2Fv2%2Ftags&post=2486"}],"curies":[{"name":"wp","href":"https:\/\/api.w.org\/{rel}","templated":true}]}}